{"id":283,"date":"2013-08-07T13:13:22","date_gmt":"2013-08-07T11:13:22","guid":{"rendered":"http:\/\/192.168.1.23\/wp\/?p=283"},"modified":"2013-08-13T12:51:56","modified_gmt":"2013-08-13T10:51:56","slug":"exkurs-fruehstueck","status":"publish","type":"post","link":"https:\/\/www.stone-eaters.de\/?p=283","title":{"rendered":"Exkurs: veganes Fr\u00fchst\u00fcck"},"content":{"rendered":"<h2>Am Fr\u00fchst\u00fcckstisch<\/h2>\n<p><a href=\"http:\/\/www.stone-eaters.de\/wp-content\/uploads\/2013\/08\/fruehstueck.jpg\"><img loading=\"lazy\" decoding=\"async\" class=\"size-large wp-image-286 alignnone\" alt=\"fruehstueck\" src=\"http:\/\/www.stone-eaters.de\/wp-content\/uploads\/2013\/08\/fruehstueck-1024x768.jpg\" width=\"604\" height=\"453\" srcset=\"https:\/\/www.stone-eaters.de\/wp-content\/uploads\/2013\/08\/fruehstueck-1024x768.jpg 1024w, https:\/\/www.stone-eaters.de\/wp-content\/uploads\/2013\/08\/fruehstueck-300x225.jpg 300w\" sizes=\"auto, (max-width: 604px) 100vw, 604px\" \/><\/a><\/p>\n<p>Gem\u00fctliches Samstag-Morgen-Fr\u00fchst\u00fcck mit Kaffee, Traubensaft, Mandelmilch, Erdbeer-Rhabarber-Sojayoghurt, frischen Br\u00f6tchen, gebratenen Champignons und Zwiebeln, veganem Olivenfrischk\u00e4se, veganem Scheibenk\u00e4se, Margarine, Mandelmus, Curryaufstrich, Senf-Dill-Aufstrich, Senf, Chilimayonnaise, Zitronenmayonnaise und Erdnussbutter<br \/>\n<!--more--><br \/>\n<a href=\"http:\/\/www.stone-eaters.de\/wp-content\/uploads\/2013\/08\/veganz.jpg\"><img loading=\"lazy\" decoding=\"async\" class=\"size-large wp-image-137 alignnone\" alt=\"veganz\" src=\"http:\/\/www.stone-eaters.de\/wp-content\/uploads\/2013\/08\/veganz-1024x768.jpg\" width=\"604\" height=\"453\" srcset=\"https:\/\/www.stone-eaters.de\/wp-content\/uploads\/2013\/08\/veganz-1024x768.jpg 1024w, https:\/\/www.stone-eaters.de\/wp-content\/uploads\/2013\/08\/veganz-300x224.jpg 300w\" sizes=\"auto, (max-width: 604px) 100vw, 604px\" \/><\/a><\/p>\n<p>Fr\u00fchst\u00fcck mit Bagels und Kaffee im Veganz, Berlin<\/p>\n<p>&nbsp;<\/p>\n<h2>Eine Auswahl verschiedener pflanzlicher Brotaufstriche<\/h2>\n<p><a href=\"http:\/\/www.stone-eaters.de\/wp-content\/uploads\/2013\/08\/2013-08-07_11-14-33_954_Ahlen.jpg\"><img loading=\"lazy\" decoding=\"async\" class=\"size-large wp-image-282 alignnone\" alt=\"2013-08-07_11-14-33_954_Ahlen\" src=\"http:\/\/www.stone-eaters.de\/wp-content\/uploads\/2013\/08\/2013-08-07_11-14-33_954_Ahlen-1024x575.jpg\" width=\"604\" height=\"339\" srcset=\"https:\/\/www.stone-eaters.de\/wp-content\/uploads\/2013\/08\/2013-08-07_11-14-33_954_Ahlen-1024x575.jpg 1024w, https:\/\/www.stone-eaters.de\/wp-content\/uploads\/2013\/08\/2013-08-07_11-14-33_954_Ahlen-300x168.jpg 300w\" sizes=\"auto, (max-width: 604px) 100vw, 604px\" \/><\/a><\/p>\n<p>veganer Kr\u00e4uterfrischk\u00e4se<\/p>\n<p>&nbsp;<\/p>\n<p><a href=\"http:\/\/www.stone-eaters.de\/wp-content\/uploads\/2013\/08\/2013-08-07_11-28-15_730_Ahlen.jpg\"><img loading=\"lazy\" decoding=\"async\" class=\"size-large wp-image-281 alignnone\" alt=\"2013-08-07_11-28-15_730_Ahlen\" src=\"http:\/\/www.stone-eaters.de\/wp-content\/uploads\/2013\/08\/2013-08-07_11-28-15_730_Ahlen-1024x616.jpg\" width=\"604\" height=\"363\" srcset=\"https:\/\/www.stone-eaters.de\/wp-content\/uploads\/2013\/08\/2013-08-07_11-28-15_730_Ahlen-1024x616.jpg 1024w, https:\/\/www.stone-eaters.de\/wp-content\/uploads\/2013\/08\/2013-08-07_11-28-15_730_Ahlen-300x180.jpg 300w, https:\/\/www.stone-eaters.de\/wp-content\/uploads\/2013\/08\/2013-08-07_11-28-15_730_Ahlen.jpg 1209w\" sizes=\"auto, (max-width: 604px) 100vw, 604px\" \/><\/a><\/p>\n<p>vegane Mayonnaise, 4-Pfeffer-Streich, Senf-Dill-Streich, vegane Sourcream, Oliven-Knoblauch-Pesto<\/p>\n<p>&nbsp;<\/p>\n<p><a href=\"http:\/\/www.stone-eaters.de\/wp-content\/uploads\/2013\/08\/2013-08-07_11-20-33_197_Ahlen.jpg\"><img loading=\"lazy\" decoding=\"async\" class=\"size-medium wp-image-280 alignnone\" alt=\"2013-08-07_11-20-33_197_Ahlen\" src=\"http:\/\/www.stone-eaters.de\/wp-content\/uploads\/2013\/08\/2013-08-07_11-20-33_197_Ahlen-263x300.jpg\" width=\"263\" height=\"300\" srcset=\"https:\/\/www.stone-eaters.de\/wp-content\/uploads\/2013\/08\/2013-08-07_11-20-33_197_Ahlen-263x300.jpg 263w, https:\/\/www.stone-eaters.de\/wp-content\/uploads\/2013\/08\/2013-08-07_11-20-33_197_Ahlen.jpg 728w\" sizes=\"auto, (max-width: 263px) 100vw, 263px\" \/><\/a><\/p>\n<p>Curry-Mango-Papaya-Brotaufstrich<\/p>\n<p>&nbsp;<\/p>\n<p><a href=\"http:\/\/www.stone-eaters.de\/wp-content\/uploads\/2013\/08\/2013-08-13_09-32-18_839_Ahlen.jpg\"><img loading=\"lazy\" decoding=\"async\" class=\"size-full wp-image-361 alignnone\" alt=\"2013-08-13_09-32-18_839_Ahlen\" src=\"http:\/\/www.stone-eaters.de\/wp-content\/uploads\/2013\/08\/2013-08-13_09-32-18_839_Ahlen.jpg\" width=\"274\" height=\"505\" srcset=\"https:\/\/www.stone-eaters.de\/wp-content\/uploads\/2013\/08\/2013-08-13_09-32-18_839_Ahlen.jpg 495w, https:\/\/www.stone-eaters.de\/wp-content\/uploads\/2013\/08\/2013-08-13_09-32-18_839_Ahlen-162x300.jpg 162w\" sizes=\"auto, (max-width: 274px) 100vw, 274px\" \/><\/a><\/p>\n<p>Himbeerkonfit\u00fcre<\/p>\n","protected":false},"excerpt":{"rendered":"<p>Am Fr\u00fchst\u00fcckstisch Gem\u00fctliches Samstag-Morgen-Fr\u00fchst\u00fcck mit Kaffee, Traubensaft, Mandelmilch, Erdbeer-Rhabarber-Sojayoghurt, frischen Br\u00f6tchen, gebratenen Champignons und Zwiebeln, veganem Olivenfrischk\u00e4se, veganem Scheibenk\u00e4se, Margarine, Mandelmus, Curryaufstrich, Senf-Dill-Aufstrich, Senf, Chilimayonnaise, Zitronenmayonnaise und Erdnussbutter<\/p>\n","protected":false},"author":2,"featured_media":361,"comment_status":"open","ping_status":"open","sticky":false,"template":"","format":"standard","meta":{"footnotes":""},"categories":[1,34,118,53,2,3],"tags":[91,28,29,120,4,166,83,121,71,67,64,36,7],"class_list":["post-283","post","type-post","status-publish","format-standard","has-post-thumbnail","hentry","category-allgemein","category-auswaerts","category-exkurs","category-getraenke","category-herzhaft","category-suess","tag-broetchen","tag-champignons","tag-erdnussbutter","tag-fruehstueck","tag-gebaeck","tag-getraenke","tag-kaffee","tag-mandelmilch","tag-mayonnaise","tag-sojamilch","tag-sojayoghurt","tag-veganer-kaese","tag-zwiebeln"],"_links":{"self":[{"href":"https:\/\/www.stone-eaters.de\/index.php?rest_route=\/wp\/v2\/posts\/283","targetHints":{"allow":["GET"]}}],"collection":[{"href":"https:\/\/www.stone-eaters.de\/index.php?rest_route=\/wp\/v2\/posts"}],"about":[{"href":"https:\/\/www.stone-eaters.de\/index.php?rest_route=\/wp\/v2\/types\/post"}],"author":[{"embeddable":true,"href":"https:\/\/www.stone-eaters.de\/index.php?rest_route=\/wp\/v2\/users\/2"}],"replies":[{"embeddable":true,"href":"https:\/\/www.stone-eaters.de\/index.php?rest_route=%2Fwp%2Fv2%2Fcomments&post=283"}],"version-history":[{"count":8,"href":"https:\/\/www.stone-eaters.de\/index.php?rest_route=\/wp\/v2\/posts\/283\/revisions"}],"predecessor-version":[{"id":363,"href":"https:\/\/www.stone-eaters.de\/index.php?rest_route=\/wp\/v2\/posts\/283\/revisions\/363"}],"wp:featuredmedia":[{"embeddable":true,"href":"https:\/\/www.stone-eaters.de\/index.php?rest_route=\/wp\/v2\/media\/361"}],"wp:attachment":[{"href":"https:\/\/www.stone-eaters.de\/index.php?rest_route=%2Fwp%2Fv2%2Fmedia&parent=283"}],"wp:term":[{"taxonomy":"category","embeddable":true,"href":"https:\/\/www.stone-eaters.de\/index.php?rest_route=%2Fwp%2Fv2%2Fcategories&post=283"},{"taxonomy":"post_tag","embeddable":true,"href":"https:\/\/www.stone-eaters.de\/index.php?rest_route=%2Fwp%2Fv2%2Ftags&post=283"}],"curies":[{"name":"wp","href":"https:\/\/api.w.org\/{rel}","templated":true}]}}